{"id":1788,"date":"2016-01-13T10:33:45","date_gmt":"2016-01-13T13:33:45","guid":{"rendered":"http:\/\/estudiosociologicos.org\/portal\/?p=1788"},"modified":"2021-04-06T17:28:21","modified_gmt":"2021-04-06T20:28:21","slug":"politicas-sociales-significaciones-y-practicas","status":"publish","type":"post","link":"https:\/\/estudiosociologicos.org\/portal\/politicas-sociales-significaciones-y-practicas\/","title":{"rendered":"Pol\u00edticas Sociales. Significaciones y Pr\u00e1cticas."},"content":{"rendered":"<p><a href=\"http:\/\/estudiosociologicos.org\/portal\/wp-content\/uploads\/2016\/01\/cover.jpg\"><img loading=\"lazy\" decoding=\"async\" class=\"wp-image-1790 size-medium alignleft\" src=\"http:\/\/estudiosociologicos.org\/portal\/wp-content\/uploads\/2016\/01\/cover-218x300.jpg\" alt=\"\" width=\"218\" height=\"300\" srcset=\"https:\/\/estudiosociologicos.org\/portal\/wp-content\/uploads\/2016\/01\/cover-218x300.jpg 218w, https:\/\/estudiosociologicos.org\/portal\/wp-content\/uploads\/2016\/01\/cover-745x1024.jpg 745w, https:\/\/estudiosociologicos.org\/portal\/wp-content\/uploads\/2016\/01\/cover.jpg 1600w\" sizes=\"auto, (max-width: 218px) 100vw, 218px\" \/><\/a><\/p>\n<p>En los \u00faltimos a\u00f1os parecen haber crecido en importancia las pol\u00edticas sociales destinadas a una cada vez m\u00e1s amplia y heterog\u00e9nea franja de poblaci\u00f3n, as\u00ed como una preocupaci\u00f3n por considerar su alcance en lo que a inclusi\u00f3n social refiere.<br \/>\nLas pol\u00edticas sociales se configuran como acciones estatales destinadas a intervenir en ciertos sectores del mercado, en particular en el del trabajo, con vistas a la satisfacci\u00f3n de necesidades que se consideran vitales en una \u00e9poca determinada y que, en consecuencia, no pueden subordinarse a la regulaci\u00f3n de la oferta y la demanda.<br \/>\nEste libro aborda este campo considerando los procesos de implementaci\u00f3n a nivel territorial y la significaci\u00f3n de los diferentes programas en su vinculaci\u00f3n con la realizaci\u00f3n de los objetivos que ellos se proponen. El mismo es el resultado de un estudio realizado en las ciudades de Resistencia y Corrientes en relaci\u00f3n a las llamadas pol\u00edticas del Bicentenario al que se han sumado el aporte de otras autoras que han trabajado tem\u00e1ticas relacionadas. Los art\u00edculos que componen esta obra analizan los modos c\u00f3mo se han desarrollado las mismas, el grado de alcance de sus resultados con un especial \u00e9nfasis en las cuestiones vinculadas con la subjetividad y la producci\u00f3n de sujetos, en general.<br \/>\nEn s\u00edntesis, lo que el mismo plantea es un intento de poner en evidencia las dificultades que enfrentan las pol\u00edticas sociales para encontrar \u201csoluciones ciertas\u201d al problema de la exclusi\u00f3n, que va m\u00e1s all\u00e1 de alcanzar un consumo b\u00e1sico por debajo del cual no existe bienestar, siendo necesario &#8211; al mismo tiempo- garantizar el efectivo ejercicio de los derechos de ciudadan\u00eda y las pr\u00e1cticas de autonom\u00eda y libertad.<\/p>\n<p><strong>Editorial<\/strong>: ESEditora. <strong>Compiladores<\/strong>: Ana Mar\u00eda P\u00e9rez Rubio,\u00a0Pablo Barbetti\u00a0<strong>P\u00e1ginas<\/strong>: 152 |<span class=\"Apple-converted-space\">\u00a0<\/span><strong>ISBN <\/strong>978-987-3713-12-5<\/p>\n<p>Formatos de descarga: <a href=\"http:\/\/estudiosociologicos.org\/-descargas\/eseditora\/politicas-sociales\/Pol\u00edticas Sociales Significaciones y pr\u00e1cticas.pdf\" target=\"_blank\" rel=\"noopener\">PDF <\/a>| E-books readers: | <a href=\"http:\/\/estudiosociologicos.org\/-descargas\/eseditora\/politicas-sociales\/Politicas-Sociales_Significacion-y-practicas.mobi\" target=\"_blank\" rel=\"noopener\">MOBI <\/a>| <a href=\"http:\/\/estudiosociologicos.org\/-descargas\/eseditora\/politicas-sociales\/Politicas Sociales_ Significaci - Ana Maria Perez Rubio y Pablo B.epub\" target=\"_blank\" rel=\"noopener\">EPUB<\/a><\/p>\n<p><strong>Vista previa:<\/strong><\/p>\n<div class=\"issuuembed\" style=\"width: 525px; height: 361px;\" data-configid=\"2959578\/32731644\"><\/div>\n<p><script src=\"\/\/e.issuu.com\/embed.js\" async=\"true\" type=\"text\/javascript\"><\/script><\/p>\n","protected":false},"excerpt":{"rendered":"<p>En los \u00faltimos a\u00f1os parecen haber crecido en importancia las pol\u00edticas sociales destinadas a una cada vez m\u00e1s amplia y heterog\u00e9nea franja de poblaci\u00f3n, as\u00ed como una preocupaci\u00f3n por considerar su alcance en lo que a inclusi\u00f3n social refiere. Las pol\u00edticas sociales se configuran como acciones estatales destinadas a intervenir en ciertos sectores del mercado, [&hellip;]<\/p>\n","protected":false},"author":8,"featured_media":1790,"comment_status":"open","ping_status":"open","sticky":false,"template":"","format":"standard","meta":{"om_disable_all_campaigns":false,"_jetpack_memberships_contains_paid_content":false,"footnotes":""},"categories":[27],"tags":[],"class_list":["post-1788","post","type-post","status-publish","format-standard","has-post-thumbnail","hentry","category-libroseditora"],"acf":[],"jetpack_featured_media_url":"https:\/\/estudiosociologicos.org\/portal\/wp-content\/uploads\/2016\/01\/cover.jpg","jetpack_sharing_enabled":true,"_links":{"self":[{"href":"https:\/\/estudiosociologicos.org\/portal\/wp-json\/wp\/v2\/posts\/1788","targetHints":{"allow":["GET"]}}],"collection":[{"href":"https:\/\/estudiosociologicos.org\/portal\/wp-json\/wp\/v2\/posts"}],"about":[{"href":"https:\/\/estudiosociologicos.org\/portal\/wp-json\/wp\/v2\/types\/post"}],"author":[{"embeddable":true,"href":"https:\/\/estudiosociologicos.org\/portal\/wp-json\/wp\/v2\/users\/8"}],"replies":[{"embeddable":true,"href":"https:\/\/estudiosociologicos.org\/portal\/wp-json\/wp\/v2\/comments?post=1788"}],"version-history":[{"count":9,"href":"https:\/\/estudiosociologicos.org\/portal\/wp-json\/wp\/v2\/posts\/1788\/revisions"}],"predecessor-version":[{"id":2831,"href":"https:\/\/estudiosociologicos.org\/portal\/wp-json\/wp\/v2\/posts\/1788\/revisions\/2831"}],"wp:featuredmedia":[{"embeddable":true,"href":"https:\/\/estudiosociologicos.org\/portal\/wp-json\/wp\/v2\/media\/1790"}],"wp:attachment":[{"href":"https:\/\/estudiosociologicos.org\/portal\/wp-json\/wp\/v2\/media?parent=1788"}],"wp:term":[{"taxonomy":"category","embeddable":true,"href":"https:\/\/estudiosociologicos.org\/portal\/wp-json\/wp\/v2\/categories?post=1788"},{"taxonomy":"post_tag","embeddable":true,"href":"https:\/\/estudiosociologicos.org\/portal\/wp-json\/wp\/v2\/tags?post=1788"}],"curies":[{"name":"wp","href":"https:\/\/api.w.org\/{rel}","templated":true}]}}