{"id":1236,"date":"2013-09-18T20:46:57","date_gmt":"2013-09-18T23:46:57","guid":{"rendered":"http:\/\/estudiosociologicos.org\/portal\/?p=1236"},"modified":"2021-04-06T18:13:33","modified_gmt":"2021-04-06T21:13:33","slug":"mosaico-de-sentido","status":"publish","type":"post","link":"https:\/\/estudiosociologicos.org\/portal\/mosaico-de-sentido\/","title":{"rendered":"Mosaico de sentidos. Vida Cotidiana, conflicto y estructuraci\u00f3n social"},"content":{"rendered":"<p style=\"text-align: justify;\"><img loading=\"lazy\" decoding=\"async\" class=\"alignleft size-medium wp-image-394\" style=\"margin: 2px 10px; border: 2px solid grey;\" title=\"La mortalidad de los ni\u00f1os en la provincia de C\u00f3rdoba\" src=\"http:\/\/estudiosociologicos.org\/portal\/wp-content\/uploads\/2013\/09\/mosaico.jpg\" alt=\"ESEditora\" width=\"180\" height=\"249\" \/><\/p>\n<p>Este libro tambi\u00e9n podr\u00eda haberse llamado Topograf\u00edas del sentido, ya que es posible trazar l\u00edneas de enlace entre puntos de la superficie de los fen\u00f3menos sociales. Esas trazas implicar\u00edan, en s\u00ed misma, l\u00edneas de sentido, marcos de interpretaci\u00f3n. Pero ese trabajo queda por cuenta de cada lector, a quien no subestimamos, y sabemos que las posibilidades de organizaci\u00f3n de entramados son m\u00faltiples.<\/p>\n<p>Los 19 art\u00edculos que lo conforman podr\u00edan organizarse y jerarquizarse de maneras diferentes. Inmerso en esa tensi\u00f3n, impuesta por la propia naturaleza de c\u00f3mo surgi\u00f3 el mismo \u2014producto de la compilaci\u00f3n de las exposiciones en los paneles del IIdo Encuentro Internacional sobre Vida Cotidiana, Conflicto y Estructura Social, organizado entre el 5 y el 7 de agosto de 2012 en Buenos Aires por el Centro de Investigaciones y Estudios Sociol\u00f3gicos\u2014 las distintas presentaciones se agruparon por secciones tem\u00e1ticas, en un ensayo siempre inquietante y problem\u00e1tico por establecer una l\u00f3gica, no exenta de arbitrariedad.<\/p>\n<p>De modo, Mosaicos de sentido describe el contenido, permitiendo la constituci\u00f3n de las m\u00faltiples configuraciones posibles por cuenta de cada quien. Una suerte de Rayuela sociol\u00f3gica, sin la belleza de la escritura de Cort\u00e1zar, pero con incontables est\u00edmulos para el pensamiento.<\/p>\n<p><span style=\"text-decoration: underline;\">Compilador<\/span><span style=\"text-align: justify;\">: Flabi\u00e1n Nievas<\/span><\/p>\n<p><span style=\"text-decoration: underline;\">Autores<\/span>:\u00a0N\u00e9stor Cohen, Adri\u00e1n Scribano, Horacio Machado Ar\u00e1oz, Alfredo Falero, Begonya Enguix, Mar\u00eda Bel\u00e9n Espoz Dalmasso, Laura Echavarr\u00eda Canto, Simone Magalh\u00e3es Brito, Ang\u00e9lica De Sena, Gabriela G\u00f3mez Rojas, Mar\u00eda Eugenia Boito, Carolina Ferrante, Mar\u00eda Neol M\u00edguez Passada, Graciela Susana Magallanes, Roberto Merino Jorquera, Guillermo Espinoza Astorga, Ana Mar\u00eda P\u00e9rez Rubio y Flabi\u00e1n Nievas.<\/p>\n<p><span style=\"text-decoration: underline;\">P\u00e1ginas:<\/span>\u00a0302 | ISBN 978-987-28861-5-8<\/p>\n<p>Formatos de descarga: | <a title=\"Descargar PDF completo\" href=\"https:\/\/www.dropbox.com\/s\/9sgfvjpcnk0s8q5\/Mosaico%20de%20Sentidos.pdf?dl=1\"><strong>PDF<\/strong><\/a> | E-books readers: | <a title=\"Descargar MOBI completo\" href=\"https:\/\/www.dropbox.com\/s\/z1m4dgvimsx1dre\/mosaicos.mobi?dl=1\"><strong>MOBI<\/strong><\/a> | <strong><a title=\"Descargar EPUB completo\" href=\"https:\/\/www.dropbox.com\/s\/8mg0l2n0i9h4tb7\/mosaicos.epub?dl=1\">EPUB<\/a> <\/strong> |<\/p>\n<p><span style=\"text-decoration: underline;\">Vista on Line<\/span>:<br \/>\n<iframe loading=\"lazy\" src=\"\/\/e.issuu.com\/embed.html#2959578\/4893418\" width=\"600\" height=\"413\" frameborder=\"0\" allowfullscreen=\"allowfullscreen\"><\/iframe><\/p>\n","protected":false},"excerpt":{"rendered":"<p>Este libro tambi\u00e9n podr\u00eda haberse llamado Topograf\u00edas del sentido, ya que es posible trazar l\u00edneas de enlace entre puntos de la superficie de los fen\u00f3menos sociales. Esas trazas implicar\u00edan, en s\u00ed misma, l\u00edneas de sentido, marcos de interpretaci\u00f3n. Pero ese trabajo queda por cuenta de cada lector, a quien no subestimamos, y sabemos que las [&hellip;]<\/p>\n","protected":false},"author":8,"featured_media":2753,"comment_status":"open","ping_status":"open","sticky":false,"template":"","format":"standard","meta":{"om_disable_all_campaigns":false,"_jetpack_memberships_contains_paid_content":false,"footnotes":""},"categories":[27],"tags":[],"class_list":["post-1236","post","type-post","status-publish","format-standard","has-post-thumbnail","hentry","category-libroseditora"],"acf":[],"jetpack_featured_media_url":"https:\/\/estudiosociologicos.org\/portal\/wp-content\/uploads\/2013\/09\/mosaico-1.jpg","jetpack_sharing_enabled":true,"_links":{"self":[{"href":"https:\/\/estudiosociologicos.org\/portal\/wp-json\/wp\/v2\/posts\/1236","targetHints":{"allow":["GET"]}}],"collection":[{"href":"https:\/\/estudiosociologicos.org\/portal\/wp-json\/wp\/v2\/posts"}],"about":[{"href":"https:\/\/estudiosociologicos.org\/portal\/wp-json\/wp\/v2\/types\/post"}],"author":[{"embeddable":true,"href":"https:\/\/estudiosociologicos.org\/portal\/wp-json\/wp\/v2\/users\/8"}],"replies":[{"embeddable":true,"href":"https:\/\/estudiosociologicos.org\/portal\/wp-json\/wp\/v2\/comments?post=1236"}],"version-history":[{"count":9,"href":"https:\/\/estudiosociologicos.org\/portal\/wp-json\/wp\/v2\/posts\/1236\/revisions"}],"predecessor-version":[{"id":2853,"href":"https:\/\/estudiosociologicos.org\/portal\/wp-json\/wp\/v2\/posts\/1236\/revisions\/2853"}],"wp:featuredmedia":[{"embeddable":true,"href":"https:\/\/estudiosociologicos.org\/portal\/wp-json\/wp\/v2\/media\/2753"}],"wp:attachment":[{"href":"https:\/\/estudiosociologicos.org\/portal\/wp-json\/wp\/v2\/media?parent=1236"}],"wp:term":[{"taxonomy":"category","embeddable":true,"href":"https:\/\/estudiosociologicos.org\/portal\/wp-json\/wp\/v2\/categories?post=1236"},{"taxonomy":"post_tag","embeddable":true,"href":"https:\/\/estudiosociologicos.org\/portal\/wp-json\/wp\/v2\/tags?post=1236"}],"curies":[{"name":"wp","href":"https:\/\/api.w.org\/{rel}","templated":true}]}}